{"id":1141,"date":"2015-12-07T09:56:04","date_gmt":"2015-12-07T08:56:04","guid":{"rendered":"http:\/\/www.mjstgeorges.be\/?p=1141"},"modified":"2023-02-23T18:42:43","modified_gmt":"2023-02-23T17:42:43","slug":"horaire-daccueil-special-examens","status":"publish","type":"post","link":"http:\/\/www.mjstgeorges.be\/?p=1141","title":{"rendered":"Horaire d&rsquo;Accueil Sp\u00e9cial \u00ab\u00a0Examens\u00a0\u00bb"},"content":{"rendered":"<p>&nbsp;<\/p>\n<p>PETIT RAPPEL: d\u00e8s ce lundi 7 d\u00e9cembre, nous serons en horaire<a class=\"_58cn\" href=\"https:\/\/www.facebook.com\/hashtag\/specialexamens?source=feed_text&amp;story_id=1707504672815207\" data-ft=\"{&quot;tn&quot;:&quot;*N&quot;,&quot;type&quot;:104}\"><span class=\"_58cl\">\u202a#\u200e<\/span><span class=\"_58cm\">specialexamens\u202c<\/span><\/a><\/p>\n<p>Et oui, c&rsquo;est parti pour les r\u00e9visions et les examens !<\/p>\n<p>Du 07 au 16 d\u00e9cembre: LA MJ sera ouverte les lundis, mardis et mercredis de 14h00 \u00e0 17h30. <span class=\"text_exposed_show\"><br \/>\nTous les ateliers sont suspendus jusqu&rsquo;\u00e0 la rentr\u00e9e le lundi 04 janvier.<\/span><\/p>\n<div class=\"text_exposed_show\">\n<p>Toute l&rsquo;\u00e9quipe vous souhaite bon courage et reste \u00e0 votre disposition aux heures d&rsquo;ouverture pour vous aider si besoin&nbsp;<i class=\"_4-k1 img sp_fM-mz8spZ1b sx_7f72ac\"><u>\ud83d\ude09<\/u><\/i><\/p>\n<p>Une activit\u00e9 peut \u00eatre mise en place selon les demandes des jeunes le vendredi 18 d\u00e9cembre. Un petit sondage est affich\u00e9 \u00e0 l&rsquo;Accueil \u00e0 ce propos et vous pouvez y inscrire vos id\u00e9es.<\/p>\n<\/div>\n<p><a href=\"http:\/\/www.mjstgeorges.be\/?attachment_id=1143\" rel=\"attachment wp-att-1143\"><img loading=\"lazy\" decoding=\"async\" class=\"alignnone size-medium wp-image-1143\" src=\"http:\/\/www.mjstgeorges.be\/wp-content\/uploads\/2015\/12\/d\u00e9cembre-2015-300x212.jpg\" alt=\"d\u00e9cembre 2015\" width=\"300\" height=\"212\" srcset=\"https:\/\/www.mjstgeorges.be\/wp-content\/uploads\/2015\/12\/d\u00e9cembre-2015-300x212.jpg 300w, https:\/\/www.mjstgeorges.be\/wp-content\/uploads\/2015\/12\/d\u00e9cembre-2015-1024x724.jpg 1024w, https:\/\/www.mjstgeorges.be\/wp-content\/uploads\/2015\/12\/d\u00e9cembre-2015-424x300.jpg 424w, https:\/\/www.mjstgeorges.be\/wp-content\/uploads\/2015\/12\/d\u00e9cembre-2015.jpg 1754w\" sizes=\"auto, (max-width: 300px) 100vw, 300px\" \/><\/a><\/p>\n","protected":false},"excerpt":{"rendered":"<p>&nbsp; PETIT RAPPEL: d\u00e8s ce lundi 7 d\u00e9cembre, nous serons en horaire\u202a#\u200especialexamens\u202c Et oui, c&rsquo;est parti pour les r\u00e9visions et les examens ! Du 07 au 16 d\u00e9cembre: LA MJ sera ouverte les lundis, mardis et mercredis de 14h00 \u00e0 17h30. Tous les ateliers sont suspendus jusqu&rsquo;\u00e0 la rentr\u00e9e le lundi 04 janvier. Toute l&rsquo;\u00e9quipe [&hellip;]<\/p>\n","protected":false},"author":2,"featured_media":0,"comment_status":"closed","ping_status":"open","sticky":false,"template":"","format":"standard","meta":{"footnotes":""},"categories":[14,9],"tags":[],"class_list":["post-1141","post","type-post","status-publish","format-standard","hentry","category-14","category-archives"],"_links":{"self":[{"href":"http:\/\/www.mjstgeorges.be\/index.php?rest_route=\/wp\/v2\/posts\/1141","targetHints":{"allow":["GET"]}}],"collection":[{"href":"http:\/\/www.mjstgeorges.be\/index.php?rest_route=\/wp\/v2\/posts"}],"about":[{"href":"http:\/\/www.mjstgeorges.be\/index.php?rest_route=\/wp\/v2\/types\/post"}],"author":[{"embeddable":true,"href":"http:\/\/www.mjstgeorges.be\/index.php?rest_route=\/wp\/v2\/users\/2"}],"replies":[{"embeddable":true,"href":"http:\/\/www.mjstgeorges.be\/index.php?rest_route=%2Fwp%2Fv2%2Fcomments&post=1141"}],"version-history":[{"count":4,"href":"http:\/\/www.mjstgeorges.be\/index.php?rest_route=\/wp\/v2\/posts\/1141\/revisions"}],"predecessor-version":[{"id":3466,"href":"http:\/\/www.mjstgeorges.be\/index.php?rest_route=\/wp\/v2\/posts\/1141\/revisions\/3466"}],"wp:attachment":[{"href":"http:\/\/www.mjstgeorges.be\/index.php?rest_route=%2Fwp%2Fv2%2Fmedia&parent=1141"}],"wp:term":[{"taxonomy":"category","embeddable":true,"href":"http:\/\/www.mjstgeorges.be\/index.php?rest_route=%2Fwp%2Fv2%2Fcategories&post=1141"},{"taxonomy":"post_tag","embeddable":true,"href":"http:\/\/www.mjstgeorges.be\/index.php?rest_route=%2Fwp%2Fv2%2Ftags&post=1141"}],"curies":[{"name":"wp","href":"https:\/\/api.w.org\/{rel}","templated":true}]}}