{"id":2856,"date":"2021-02-26T14:13:04","date_gmt":"2021-02-26T13:13:04","guid":{"rendered":"http:\/\/www.mjstgeorges.be\/?p=2856"},"modified":"2023-02-23T18:33:50","modified_gmt":"2023-02-23T17:33:50","slug":"assemblee-generale-27-02-2021","status":"publish","type":"post","link":"http:\/\/www.mjstgeorges.be\/?p=2856","title":{"rendered":"Assembl\u00e9e G\u00e9n\u00e9rale  27\/02\/2021"},"content":{"rendered":"\n<p>Bonjour \u00e0 toutes et tous,<\/p>\n\n\n\n<p>Vous \u00eates tous convi\u00e9s \u00e0 nous rejoindre \u00e0 la s\u00e9ance de l&rsquo;Assembl\u00e9e G\u00e9n\u00e9rale. <\/p>\n\n\n\n<p>Vous trouverez ci-dessous le lien Zoom vers la visioconf\u00e9rence de l&rsquo;Assembl\u00e9e G\u00e9n\u00e9rale qui se d\u00e9roulera, comme pr\u00e9vu, demain matin le samedi 27 f\u00e9vrier 2021 \u00e0 10h en s\u00e9ance publique.<\/p>\n\n\n\n<p>Participer \u00e0 la r\u00e9union Zoom<a rel=\"noreferrer noopener\" href=\"https:\/\/us02web.zoom.us\/j\/83506799614?pwd=V1QrTHNDdTVweVE5NFlTQWFmMTI2QT09&amp;fbclid=IwAR14rGFefOd2wd9KBTmpTiXeP1U60fiSt5ddyQyyGdxWuJip1x5LAY10zS8\" target=\"_blank\">https:\/\/us02web.zoom.us\/j\/83506799614&#8230;<\/a><\/p>\n\n\n\n<p>ID de r\u00e9union : 835 0679 9614<\/p>\n\n\n\n<p>Code secret : 9YiHqz<\/p>\n\n\n\n<p>A demain<\/p>\n\n\n\n<figure class=\"wp-block-gallery has-nested-images columns-default is-cropped wp-block-gallery-1 is-layout-flex wp-block-gallery-is-layout-flex\">\n<figure class=\"wp-block-image size-large\"><img loading=\"lazy\" decoding=\"async\" width=\"791\" height=\"1024\" data-id=\"2857\" src=\"https:\/\/www.mjstgeorges.be\/wp-content\/uploads\/2021\/02\/Convocation-AG-du-27-fevrier-2021-791x1024.jpg\" alt=\"\" class=\"wp-image-2857\" srcset=\"https:\/\/www.mjstgeorges.be\/wp-content\/uploads\/2021\/02\/Convocation-AG-du-27-fevrier-2021-791x1024.jpg 791w, https:\/\/www.mjstgeorges.be\/wp-content\/uploads\/2021\/02\/Convocation-AG-du-27-fevrier-2021-232x300.jpg 232w, https:\/\/www.mjstgeorges.be\/wp-content\/uploads\/2021\/02\/Convocation-AG-du-27-fevrier-2021-768x994.jpg 768w, https:\/\/www.mjstgeorges.be\/wp-content\/uploads\/2021\/02\/Convocation-AG-du-27-fevrier-2021-1187x1536.jpg 1187w, https:\/\/www.mjstgeorges.be\/wp-content\/uploads\/2021\/02\/Convocation-AG-du-27-fevrier-2021-1583x2048.jpg 1583w, https:\/\/www.mjstgeorges.be\/wp-content\/uploads\/2021\/02\/Convocation-AG-du-27-fevrier-2021-scaled.jpg 1978w\" sizes=\"auto, (max-width: 791px) 100vw, 791px\" \/><\/figure>\n<\/figure>\n","protected":false},"excerpt":{"rendered":"<p>Bonjour \u00e0 toutes et tous, Vous \u00eates tous convi\u00e9s \u00e0 nous rejoindre \u00e0 la s\u00e9ance de l&rsquo;Assembl\u00e9e G\u00e9n\u00e9rale. Vous trouverez ci-dessous le lien Zoom vers la visioconf\u00e9rence de l&rsquo;Assembl\u00e9e G\u00e9n\u00e9rale qui se d\u00e9roulera, comme pr\u00e9vu, demain matin le samedi 27 f\u00e9vrier 2021 \u00e0 10h en s\u00e9ance publique. Participer \u00e0 la r\u00e9union Zoomhttps:\/\/us02web.zoom.us\/j\/83506799614&#8230; ID de r\u00e9union [&hellip;]<\/p>\n","protected":false},"author":2,"featured_media":0,"comment_status":"closed","ping_status":"open","sticky":false,"template":"","format":"standard","meta":{"footnotes":""},"categories":[20,9],"tags":[],"class_list":["post-2856","post","type-post","status-publish","format-standard","hentry","category-20","category-archives"],"_links":{"self":[{"href":"http:\/\/www.mjstgeorges.be\/index.php?rest_route=\/wp\/v2\/posts\/2856","targetHints":{"allow":["GET"]}}],"collection":[{"href":"http:\/\/www.mjstgeorges.be\/index.php?rest_route=\/wp\/v2\/posts"}],"about":[{"href":"http:\/\/www.mjstgeorges.be\/index.php?rest_route=\/wp\/v2\/types\/post"}],"author":[{"embeddable":true,"href":"http:\/\/www.mjstgeorges.be\/index.php?rest_route=\/wp\/v2\/users\/2"}],"replies":[{"embeddable":true,"href":"http:\/\/www.mjstgeorges.be\/index.php?rest_route=%2Fwp%2Fv2%2Fcomments&post=2856"}],"version-history":[{"count":2,"href":"http:\/\/www.mjstgeorges.be\/index.php?rest_route=\/wp\/v2\/posts\/2856\/revisions"}],"predecessor-version":[{"id":3442,"href":"http:\/\/www.mjstgeorges.be\/index.php?rest_route=\/wp\/v2\/posts\/2856\/revisions\/3442"}],"wp:attachment":[{"href":"http:\/\/www.mjstgeorges.be\/index.php?rest_route=%2Fwp%2Fv2%2Fmedia&parent=2856"}],"wp:term":[{"taxonomy":"category","embeddable":true,"href":"http:\/\/www.mjstgeorges.be\/index.php?rest_route=%2Fwp%2Fv2%2Fcategories&post=2856"},{"taxonomy":"post_tag","embeddable":true,"href":"http:\/\/www.mjstgeorges.be\/index.php?rest_route=%2Fwp%2Fv2%2Ftags&post=2856"}],"curies":[{"name":"wp","href":"https:\/\/api.w.org\/{rel}","templated":true}]}}