{"id":1292,"date":"2016-05-18T10:00:49","date_gmt":"2016-05-18T09:00:49","guid":{"rendered":"http:\/\/www.mjstgeorges.be\/?p=1292"},"modified":"2016-05-18T10:00:49","modified_gmt":"2016-05-18T09:00:49","slug":"information-sur-les-travaux-damenagements-realises-a-la-mj","status":"publish","type":"post","link":"https:\/\/www.mjstgeorges.be\/?p=1292","title":{"rendered":"Information sur les travaux d&rsquo;am\u00e9nagements r\u00e9alis\u00e9s \u00e0 la MJ"},"content":{"rendered":"<p>Cher public, vous vous demandez peut-\u00eatre ce qu&rsquo;il se passe en ce moment dans nos locaux&#8230; En effet, des travaux d&rsquo;am\u00e9nagements ont d\u00e9but\u00e9 \u00e0 la MJ ce 3 mai 2016.<\/p>\n<p>POURQUOI CES AM\u00c9NAGEMENTS?<\/p>\n<p>Le Conseil d&rsquo;Administration de la Maison des Jeunes souhaite mettre \u00e0 disposition la grande salle pour d&rsquo;autres clubs ou associations de la commune (location \u00e0 l&rsquo;ann\u00e9e)<\/p>\n<p>QUELS AM\u00c9NAGEMENTS EXACTEMENT?<\/p>\n<p>Dans le fond de la salle, il y aura bient\u00f4t diff\u00e9rents petits locaux:<\/p>\n<p>&#8211; 1 box de rangement du mat\u00e9riel<br \/>\n&#8211; 2 vestiaires<br \/>\n&#8211; 1 WC dames<br \/>\n&#8211; 1 WC messieurs<br \/>\n&#8211; 1 WC accessible aux personnes handicap\u00e9es.<\/p>\n<p>QUI FINANCE?<\/p>\n<p>L&rsquo;Asbl Maison des Jeunes de Saint-Georges investit, sur fonds propres, dans des travaux de transformation de la grande salle.<\/p>\n<p>&nbsp;<\/p>\n<p>Album photo:\u00a0<a href=\"https:\/\/www.facebook.com\/marie.mjstgeorges\/media_set?set=a.1770309313201409&amp;type=3&amp;pnref=story\">https:\/\/www.facebook.com\/marie.mjstgeorges\/media_set?set=a.1770309313201409&amp;type=3&amp;pnref=story<\/a><\/p>\n","protected":false},"excerpt":{"rendered":"<p>Cher public, vous vous demandez peut-\u00eatre ce qu&rsquo;il se passe en ce moment dans nos locaux&#8230; En effet, des travaux d&rsquo;am\u00e9nagements ont d\u00e9but\u00e9 \u00e0 la MJ ce 3 mai 2016. POURQUOI CES AM\u00c9NAGEMENTS? Le Conseil d&rsquo;Administration de la Maison des Jeunes souhaite mettre \u00e0 disposition la grande salle pour d&rsquo;autres clubs ou associations de la [&hellip;]<\/p>\n","protected":false},"author":2,"featured_media":0,"comment_status":"closed","ping_status":"open","sticky":false,"template":"","format":"standard","meta":{"footnotes":""},"categories":[1],"tags":[],"class_list":["post-1292","post","type-post","status-publish","format-standard","hentry","category-non-classe"],"_links":{"self":[{"href":"https:\/\/www.mjstgeorges.be\/index.php?rest_route=\/wp\/v2\/posts\/1292","targetHints":{"allow":["GET"]}}],"collection":[{"href":"https:\/\/www.mjstgeorges.be\/index.php?rest_route=\/wp\/v2\/posts"}],"about":[{"href":"https:\/\/www.mjstgeorges.be\/index.php?rest_route=\/wp\/v2\/types\/post"}],"author":[{"embeddable":true,"href":"https:\/\/www.mjstgeorges.be\/index.php?rest_route=\/wp\/v2\/users\/2"}],"replies":[{"embeddable":true,"href":"https:\/\/www.mjstgeorges.be\/index.php?rest_route=%2Fwp%2Fv2%2Fcomments&post=1292"}],"version-history":[{"count":1,"href":"https:\/\/www.mjstgeorges.be\/index.php?rest_route=\/wp\/v2\/posts\/1292\/revisions"}],"predecessor-version":[{"id":1293,"href":"https:\/\/www.mjstgeorges.be\/index.php?rest_route=\/wp\/v2\/posts\/1292\/revisions\/1293"}],"wp:attachment":[{"href":"https:\/\/www.mjstgeorges.be\/index.php?rest_route=%2Fwp%2Fv2%2Fmedia&parent=1292"}],"wp:term":[{"taxonomy":"category","embeddable":true,"href":"https:\/\/www.mjstgeorges.be\/index.php?rest_route=%2Fwp%2Fv2%2Fcategories&post=1292"},{"taxonomy":"post_tag","embeddable":true,"href":"https:\/\/www.mjstgeorges.be\/index.php?rest_route=%2Fwp%2Fv2%2Ftags&post=1292"}],"curies":[{"name":"wp","href":"https:\/\/api.w.org\/{rel}","templated":true}]}}