{"id":1581,"date":"2016-11-08T16:57:58","date_gmt":"2016-11-08T15:57:58","guid":{"rendered":"http:\/\/www.mjstgeorges.be\/?p=1581"},"modified":"2016-11-08T17:18:11","modified_gmt":"2016-11-08T16:18:11","slug":"1581","status":"publish","type":"post","link":"https:\/\/www.mjstgeorges.be\/?p=1581","title":{"rendered":"Exposition Collective de Jeunes Artistes et Artisans"},"content":{"rendered":"<p>L&rsquo;\u00e9quipe de la Maison des Jeunes de Saint-Georges a le plaisir de vous inviter \u00e0 la 9<sup>\u00e8me<\/sup> \u00e9dition de son<em><strong> \u00ab\u00a0Exposition Collective de Jeunes Artistes et Artisans\u00a0\u00bb<\/strong><\/em>, <u>les vendredi 18, samedi 19 et dimanche 20 novembre 2016<\/u>.<\/p>\n<p>Les jeunes qui participent \u00e0 ce projet habitent la Commune de Saint-Georges, fr\u00e9quentent la Maison des Jeunes de Saint-Georges, une des maisons de jeunes du Collectif MJ Huy-Waremme ou, plus largement, une maison de jeunes de notre r\u00e9seau et de jeunes artistes de la Province de Li\u00e8ge.<\/p>\n<p>Ce type d\u2019\u00e9v\u00e9nement ne pouvant avoir lieu sans un minimum de moyens financiers, nous proposerons au public, pour la 1<sup>re<\/sup> fois, de participer \u00e0 une tombola sponsoris\u00e9e par des commer\u00e7ants de la commune et ce, durant tout le weekend. Tous les billets, vendus \u00e0 prix d\u00e9mocratique, seront gagnants\u00a0!<\/p>\n<p>Au plaisir de vous\u00a0rencontrer au vernissage, autour du verre de l\u2019amiti\u00e9,<\/p>\n<p><strong>Le vendredi 18 novembre \u00e0 19h30<\/strong><\/p>\n<p>&nbsp;<\/p>\n<p>Lien page\u00a0Exposition pour plus d&rsquo;informations:<a href=\"http:\/\/www.mjstgeorges.be\/?page_id=1551\">\u00a0http:\/\/www.mjstgeorges.be\/?page_id=1551<\/a><\/p>\n<p>Lien \u00e9v\u00e9nement Facebook: <a href=\"https:\/\/www.facebook.com\/events\/1605870413055008\/\">https:\/\/www.facebook.com\/events\/1605870413055008\/<\/a><\/p>\n","protected":false},"excerpt":{"rendered":"<p>L&rsquo;\u00e9quipe de la Maison des Jeunes de Saint-Georges a le plaisir de vous inviter \u00e0 la 9\u00e8me \u00e9dition de son \u00ab\u00a0Exposition Collective de Jeunes Artistes et Artisans\u00a0\u00bb, les vendredi 18, samedi 19 et dimanche 20 novembre 2016. Les jeunes qui participent \u00e0 ce projet habitent la Commune de Saint-Georges, fr\u00e9quentent la Maison des Jeunes de [&hellip;]<\/p>\n","protected":false},"author":2,"featured_media":0,"comment_status":"closed","ping_status":"open","sticky":false,"template":"","format":"standard","meta":{"footnotes":""},"categories":[1],"tags":[],"class_list":["post-1581","post","type-post","status-publish","format-standard","hentry","category-non-classe"],"_links":{"self":[{"href":"https:\/\/www.mjstgeorges.be\/index.php?rest_route=\/wp\/v2\/posts\/1581","targetHints":{"allow":["GET"]}}],"collection":[{"href":"https:\/\/www.mjstgeorges.be\/index.php?rest_route=\/wp\/v2\/posts"}],"about":[{"href":"https:\/\/www.mjstgeorges.be\/index.php?rest_route=\/wp\/v2\/types\/post"}],"author":[{"embeddable":true,"href":"https:\/\/www.mjstgeorges.be\/index.php?rest_route=\/wp\/v2\/users\/2"}],"replies":[{"embeddable":true,"href":"https:\/\/www.mjstgeorges.be\/index.php?rest_route=%2Fwp%2Fv2%2Fcomments&post=1581"}],"version-history":[{"count":5,"href":"https:\/\/www.mjstgeorges.be\/index.php?rest_route=\/wp\/v2\/posts\/1581\/revisions"}],"predecessor-version":[{"id":1586,"href":"https:\/\/www.mjstgeorges.be\/index.php?rest_route=\/wp\/v2\/posts\/1581\/revisions\/1586"}],"wp:attachment":[{"href":"https:\/\/www.mjstgeorges.be\/index.php?rest_route=%2Fwp%2Fv2%2Fmedia&parent=1581"}],"wp:term":[{"taxonomy":"category","embeddable":true,"href":"https:\/\/www.mjstgeorges.be\/index.php?rest_route=%2Fwp%2Fv2%2Fcategories&post=1581"},{"taxonomy":"post_tag","embeddable":true,"href":"https:\/\/www.mjstgeorges.be\/index.php?rest_route=%2Fwp%2Fv2%2Ftags&post=1581"}],"curies":[{"name":"wp","href":"https:\/\/api.w.org\/{rel}","templated":true}]}}