{"id":1812,"date":"2017-06-06T14:29:05","date_gmt":"2017-06-06T13:29:05","guid":{"rendered":"http:\/\/www.mjstgeorges.be\/?p=1812"},"modified":"2017-06-23T14:43:39","modified_gmt":"2017-06-23T13:43:39","slug":"edito-juin-2017","status":"publish","type":"post","link":"https:\/\/www.mjstgeorges.be\/?p=1812","title":{"rendered":"Edito Juin 2017"},"content":{"rendered":"<p>Bonjour \u00e0 toutes et \u00e0 tous,<\/p>\n<p>L\u2019ann\u00e9e scolaire touche \u00e0 sa fin et la saison 2016\/2017 de la Maison des Jeunes de Saint-Georges aussi. Elle f\u00fbt riche en d\u00e9couvertes, en projets, activit\u00e9s et en \u00e9motions parce qu\u2019\u00e0 la Maison des Jeunes \u00e7a bouge et pas qu\u2019un peu !<\/p>\n<p>Parmi les grands projets on comptera notamment, <strong>\u00ab<\/strong>\u00a0<strong><em>l\u2019Exposition Collective de Jeunes Artistes et Artisan<\/em>s\u00a0\u00bb <\/strong>en novembre, le projet <strong>\u00ab<\/strong>\u00a0<strong><em>Censure &amp; nous\u00a0\u00bb<\/em> <\/strong>en mai. Depuis plusieurs mois, les jeunes de l&rsquo;atelier BD des Maisons des Jeunes de Wanze, de l\u2019Ately\u00e9 de la MJ de Waremme et l&rsquo;atelier Photofolies de la MJ de Saint-Georges travaillaient sur un projet propos\u00e9 par le Centre Action La\u00efque de la province de Li\u00e8ge, traitant de la censure au cin\u00e9ma !<\/p>\n<p>Le projet porte donc sur la r\u00e9alisation d\u2019\u0153uvres graphiques inspir\u00e9es par des affiches de cin\u00e9ma censur\u00e9es \u00e0 diff\u00e9rentes \u00e9poques. Les jeunes ont particip\u00e9 \u00e0 une animation du CAL reprenant quelques exemples de ces affiches de cin\u00e9ma interdites de diffusion \u00e0 travers le temps \u00e0 partir d\u2019une pr\u00e9sentation interactive d\u2019une de leur animatrice Delphine QUOILIN. Celles-ci nous permettent d\u2019aborder la libert\u00e9 d\u2019expression \u00e0 travers le temps mais aussi \u00e0 travers les pays et les cultures. Diff\u00e9rentes affiches de films bannies ont \u00e9t\u00e9 propos\u00e9es aux jeunes. Les jeunes ont pu imaginer totalement une ou plusieurs affiches de films soit, de d\u00e9tourner des affiches de films existantes.<\/p>\n<p>Le vernissage de l&rsquo;exposition \u00ab <strong><em>Censure &amp; Nous, un regard graphique sur les interdits au cin\u00e9ma<\/em><\/strong> \u00bb a eu lieu ce mercredi 17 mai \u00e0 20h \u00e0 l&rsquo;Espace La\u00efcit\u00e9 de Waremme, rue des Pr\u00e8s 96 \u00e0 Waremme. C\u2019\u00e9tait tr\u00e8s chouette et les productions sont d\u2019une grande qualit\u00e9 artistique !<\/p>\n<p>Nous vous invitons \u00e0 venir d\u00e9couvrir les \u0153uvres des jeunes photographes, graphistes et b\u00e9d\u00e9istes jusqu&rsquo;au 16 juin!<\/p>\n<p><a href=\"http:\/\/www.calliege.be\/agendas\/agenda-de-l-association\/censure-nous-exposition-a-l-espace-laicite-de-waremmes\">http:\/\/www.calliege.be\/agendas\/agenda-de-l-association\/censure-nous-exposition-a-l-espace-laicite-de-waremmes<\/a><\/p>\n<p>L\u2019aboutissement de cette ann\u00e9e scolaire f\u00fbt certainement \u00ab\u00a0<strong><em>la MJ FFF \u2013 La Festi\u2019Friends &amp; Families\u00a0\u00bb<\/em><\/strong>.\u00a0 En effet, le WE du 13 et 14 mai dernier, l\u2019\u00e9quipe de la MJ a lanc\u00e9, sa 1ere \u00e9dition. L&rsquo;objectif \u00e9tait de faire conna\u00eetre le lieu \u00ab maison de jeunes \u00bb, de renforcer l&rsquo;image positive de la MJ et des jeunes aupr\u00e8s de la population. Mener un projet \u00e0 destination de la population locale fait \u00e9galement partie int\u00e9grante des missions qui nous sont d\u00e9volues.<\/p>\n<p>Le samedi soir, c\u2019est sous la formule \u00ab Souper-spectacle \u00bb que s\u2019est d\u00e9roul\u00e9 le spectacle de fin de saison des ateliers de danses, Little Hip Hop, Hip Hop Advance et Breakdance et le Crew NDLC, qui ont assur\u00e9 sur sc\u00e8ne devant un public fourni et enthousiaste. F\u00e9licitations aux jeunes danseurs et \u00e0 leurs animateurs pour le travail effectu\u00e9 tout au long de l\u2019ann\u00e9e pour un r\u00e9sultat au top\u00a0!\u00a0 L\u2019\u00e9quipe tient \u00e9galement \u00e0 remercier notre stagiaire, C\u00e9lia Olivieri, les b\u00e9n\u00e9voles qui se sont mobilis\u00e9s jusqu&rsquo;au bout le samedi et le dimanche malgr\u00e9 la fatigue accumul\u00e9e depuis plusieurs jours&#8230; Tout cela dans une ambiance conviviale et chaleureuse, autour d\u2019un repas barbecue.<\/p>\n<p>Cet agr\u00e9able WE festif s\u2019est cl\u00f4tur\u00e9 dimanche par le concert de <strong>YOU PEACE<\/strong> qui nous a mis le feu devant un public relatif mais n\u00e9anmoins conquis!<\/p>\n<p>Les deux jours, le bar f\u00fbt g\u00e9r\u00e9 par les jeunes en vue de financer leurs activit\u00e9s. Ils y ont propos\u00e9 des boissons \u00e0 prix d\u00e9mocratique et des petits stands de restauration.<\/p>\n<p>Des photos et vid\u00e9os sur ce fabuleux WE seront bient\u00f4t disponibles sur notre site internet www. mjstgeorges.be ou sur notre page Facebook.<\/p>\n<p>Mais le dernier en date, fut la triste annonce et le d\u00e9part, de notre coordinatrice <strong>Vanessa DENEE<\/strong>. Elle quitte la MJ et une communaut\u00e9, celle de Saint-Georges, pour laquelle elle s\u2019est investie pendant de nombreuses ann\u00e9es, 8 ans pr\u00e9cis\u00e9ment. Nous lui souhaitons bonne continuation dans son futur parcours professionnel.<\/p>\n<p>Les ateliers hebdomadaires sont d\u00e9sormais termin\u00e9s mais ils seront remplac\u00e9s par des stages et autres activit\u00e9s tout au long de l\u2019\u00e9t\u00e9, \u00e0 savoir\u00a0: deux stage d\u2019<strong>Arts Plastiques<\/strong>, deux stages de <strong>Jeu de R\u00f4le<\/strong> et un de <strong>Photographie<\/strong> mais \u00e9galement le projet \u00ab\u00a0<strong>\u00c9t\u00e9 solidaire<\/strong>\u00a0\u00bb dont l\u2019objectif est de favoriser l\u2019apprentissage de la citoyennet\u00e9 chez les jeunes et de rapprocher les g\u00e9n\u00e9rations, tout en procurant une premi\u00e8re exp\u00e9rience de travail salari\u00e9. \u00ab\u00a0<em>Et\u00e9 solidaire, je suis partenaire<\/em>\u00a0\u00bb s\u2019adresse aux jeunes de 15 \u00e0 21 ans et issus des quartiers dans lesquels se d\u00e9roulent les actions. Tous les documents d\u2019inscriptions sont t\u00e9l\u00e9chargeables sur notre site internet.<\/p>\n<p>En ce mois de juin, les examens approchent \u00e0 grand pas\u00a0! Pour vous permettre de r\u00e9viser, d\u2019\u00e9tudier dans les meilleures conditions, la MJ adaptera ses horaires d\u2019ouverture du <strong>mardi 6 au dimanche 25 juin inclus<\/strong>. Les heures d\u2019accueil seront modifi\u00e9es. Le mercredi 7 juin \u00e0 20h, en partenariat avec la MJ, nous vous inviterons \u00e0 une conf\u00e9rence sur la th\u00e9matique \u00ab\u00a0<em><strong>Nutrition et Pr\u00e9vention sant\u00e9\u00a0<\/strong><\/em>\u00bb dans nos locaux. (Event Facebook:\u00a0<a href=\"https:\/\/www.facebook.com\/events\/611664699028585\/?acontext=%7B%22ref%22%3A%2222%22%2C%22feed_story_type%22%3A%2277%22%2C%22action_history%22%3A%22null%22%7D&amp;pnref=story\">https:\/\/www.facebook.com\/events\/611664699028585\/?acontext=%7B%22ref%22%3A%2222%22%2C%22feed_story_type%22%3A%2277%22%2C%22action_history%22%3A%22null%22%7D&amp;pnref=story<\/a>)<\/p>\n<p>Apr\u00e8s l\u2019effort, le r\u00e9confort\u00a0: nous organiserons un \u00ab<strong><em>\u00a0barbecue sp\u00e9cial fin des examens<\/em><\/strong>\u00a0\u00bb le jeudi 29 juin de 12h \u00e0 17h:<\/p>\n<p><a href=\"https:\/\/www.facebook.com\/events\/1397854693627233\/?acontext=%7B%22ref%22%3A%2222%22%2C%22feed_story_type%22%3A%2222%22%2C%22action_history%22%3A%22null%22%7D&amp;pnref=story\">https:\/\/www.facebook.com\/events\/1397854693627233\/?acontext=%7B%22ref%22%3A%2222%22%2C%22feed_story_type%22%3A%2222%22%2C%22action_history%22%3A%22null%22%7D&amp;pnref=story<\/a><\/p>\n<p>et une \u00ab\u00a0<strong>soir\u00e9e \u00e0 th\u00e8me<\/strong>\u00a0\u00bb, \u00e0 la demande des jeunes (horaire \u00e0 confirmer).<\/p>\n<p>Enfin, nous vous souhaitons une bonne m**** \u00e0 tous pour vos examens\u00a0! En esp\u00e9rant vous voir nombreux cet \u00e9t\u00e9\u00a0!<\/p>\n<p>Pour tous renseignements, nous vous invitons \u00e0 visiter notre site internet <a href=\"http:\/\/www.mjstgeorges.be\">www.mjstgeorges.be<\/a>, \u00e0 appeler le num\u00e9ro fixe de la MJ <strong>04\/369 49 76<\/strong> ou nous envoyer un mail \u00e0 <a href=\"mailto:info@mjstgeorges.be\">info@mjstgeorges.be<\/a><\/p>\n<p style=\"text-align: left;\">Pour la MJ,<\/p>\n<p style=\"text-align: left;\">Marie COLPIN<\/p>\n<p style=\"text-align: left;\">Animatrice de projets,<\/p>\n<p style=\"text-align: left;\">Maison des Jeunes de Saint-Georges asbl<\/p>\n<p>&nbsp;<\/p>\n<p>&nbsp;<\/p>\n","protected":false},"excerpt":{"rendered":"<p>Bonjour \u00e0 toutes et \u00e0 tous, L\u2019ann\u00e9e scolaire touche \u00e0 sa fin et la saison 2016\/2017 de la Maison des Jeunes de Saint-Georges aussi. Elle f\u00fbt riche en d\u00e9couvertes, en projets, activit\u00e9s et en \u00e9motions parce qu\u2019\u00e0 la Maison des Jeunes \u00e7a bouge et pas qu\u2019un peu ! Parmi les grands projets on comptera notamment, [&hellip;]<\/p>\n","protected":false},"author":2,"featured_media":0,"comment_status":"closed","ping_status":"open","sticky":false,"template":"","format":"standard","meta":{"footnotes":""},"categories":[1],"tags":[],"class_list":["post-1812","post","type-post","status-publish","format-standard","hentry","category-non-classe"],"_links":{"self":[{"href":"https:\/\/www.mjstgeorges.be\/index.php?rest_route=\/wp\/v2\/posts\/1812","targetHints":{"allow":["GET"]}}],"collection":[{"href":"https:\/\/www.mjstgeorges.be\/index.php?rest_route=\/wp\/v2\/posts"}],"about":[{"href":"https:\/\/www.mjstgeorges.be\/index.php?rest_route=\/wp\/v2\/types\/post"}],"author":[{"embeddable":true,"href":"https:\/\/www.mjstgeorges.be\/index.php?rest_route=\/wp\/v2\/users\/2"}],"replies":[{"embeddable":true,"href":"https:\/\/www.mjstgeorges.be\/index.php?rest_route=%2Fwp%2Fv2%2Fcomments&post=1812"}],"version-history":[{"count":6,"href":"https:\/\/www.mjstgeorges.be\/index.php?rest_route=\/wp\/v2\/posts\/1812\/revisions"}],"predecessor-version":[{"id":1835,"href":"https:\/\/www.mjstgeorges.be\/index.php?rest_route=\/wp\/v2\/posts\/1812\/revisions\/1835"}],"wp:attachment":[{"href":"https:\/\/www.mjstgeorges.be\/index.php?rest_route=%2Fwp%2Fv2%2Fmedia&parent=1812"}],"wp:term":[{"taxonomy":"category","embeddable":true,"href":"https:\/\/www.mjstgeorges.be\/index.php?rest_route=%2Fwp%2Fv2%2Fcategories&post=1812"},{"taxonomy":"post_tag","embeddable":true,"href":"https:\/\/www.mjstgeorges.be\/index.php?rest_route=%2Fwp%2Fv2%2Ftags&post=1812"}],"curies":[{"name":"wp","href":"https:\/\/api.w.org\/{rel}","templated":true}]}}