{"id":1873,"date":"2017-09-04T09:11:05","date_gmt":"2017-09-04T08:11:05","guid":{"rendered":"http:\/\/www.mjstgeorges.be\/?p=1873"},"modified":"2017-09-04T10:23:18","modified_gmt":"2017-09-04T09:23:18","slug":"groupes-daffirmation-de-soi-a-destination-des-15-20-ans","status":"publish","type":"post","link":"https:\/\/www.mjstgeorges.be\/?p=1873","title":{"rendered":"Groupes d\u2019affirmation de soi \u00e0 destination des 15-20 ans"},"content":{"rendered":"<p>Proposition qui vient de l\u2019\u00e9quipe Openado St-Georges.<\/p>\n<p>\u25e2 \u25e2 Des groupes \u00ab\u00a0d\u2019affirmation de soi pour ado\u00a0\u00bb vont \u00eatre mis en place d&rsquo;ici la fin septembre \u00e0 Saint-Georges.<\/p>\n<p><span class=\"text_exposed_show\"><br \/>\n***Groupes d\u2019affirmation de soi \u00e0 destination des 15-20 ans***<\/span><\/p>\n<div class=\"text_exposed_show\">\n<p>L\u2019objectif de ces groupes est de transmettre aux jeunes un savoir-faire social qui leur permet d\u2019enrichir leur r\u00e9pertoire comportemental et de faire face aux situations difficiles.<\/p>\n<p>Ces groupes se d\u00e9rouleront de septembre \u00e0 novembre 2017, les mardis de 16h30 \u00e0 18h30. Ils seront compos\u00e9s de minimum 6 personnes et maximum 8.<\/p>\n<p>Chaque s\u00e9ance sera cl\u00f4tur\u00e9e par une s\u00e9ance de relaxation.<\/p>\n<p>Les s\u00e9ances sont organis\u00e9es comme suit (l\u2019inscription au deuxi\u00e8me module n\u2019est pas obligatoire):<\/p>\n<ul>\n<li>Entretien individuel \u00ab d\u2019admission \u00bb parent \/ enfant<\/li>\n<\/ul>\n<p>MODULE 1<\/p>\n<ul>\n<li>S\u00e9ance 1 : prise de connaissance et pr\u00e9sentation de soi<\/li>\n<li>S\u00e9ance 2 : les bases de l\u2019affirmation de soi<\/li>\n<li>S\u00e9ance 3 : les comportements relationnels (passif, agressif, affirm\u00e9)<\/li>\n<li>S\u00e9ance 4 : la demande et le refus<\/li>\n<li>S\u00e9ance 5 : \u00e9couter et poursuivre une conversation<\/li>\n<li>Proposition d\u2019entretien individuel au besoin<\/li>\n<\/ul>\n<p>MODULE 2<\/p>\n<ul>\n<li>S\u00e9ance 6 : l\u2019expression \u00e9motionnelle et le compliment<\/li>\n<li>S\u00e9ance 7 : les remarques n\u00e9gatives<\/li>\n<li>S\u00e9ance 8 : les insultes et le harc\u00e8lement<\/li>\n<\/ul>\n<p>CL\u00d4TURE COMMUNE AUX 2 MODULES<\/p>\n<ul>\n<li>S\u00e9ance 9 : r\u00e9alisation d\u2019une \u0153uvre collective (origamis \u2013 mandala)<\/li>\n<li>S\u00e9ance 10 : s\u00e9ance destin\u00e9e aux parents<\/li>\n<\/ul>\n<p>\u25e2\u25e2 plus d&rsquo;infos?<br \/>\nLes jeunes int\u00e9ress\u00e9s peuvent prendre contact directement avec l\u2019Openado de Li\u00e8ge au 04\/237 93 18 en pr\u00e9cisant qu\u2019il s\u2019agit des ateliers de confiance en soi pour un premier entretien individuel.<\/p>\n<p>&nbsp;<\/p>\n<\/div>\n","protected":false},"excerpt":{"rendered":"<p>Proposition qui vient de l\u2019\u00e9quipe Openado St-Georges. \u25e2 \u25e2 Des groupes \u00ab\u00a0d\u2019affirmation de soi pour ado\u00a0\u00bb vont \u00eatre mis en place d&rsquo;ici la fin septembre \u00e0 Saint-Georges. ***Groupes d\u2019affirmation de soi \u00e0 destination des 15-20 ans*** L\u2019objectif de ces groupes est de transmettre aux jeunes un savoir-faire social qui leur permet d\u2019enrichir leur r\u00e9pertoire comportemental [&hellip;]<\/p>\n","protected":false},"author":2,"featured_media":0,"comment_status":"closed","ping_status":"open","sticky":false,"template":"","format":"standard","meta":{"footnotes":""},"categories":[1],"tags":[],"class_list":["post-1873","post","type-post","status-publish","format-standard","hentry","category-non-classe"],"_links":{"self":[{"href":"https:\/\/www.mjstgeorges.be\/index.php?rest_route=\/wp\/v2\/posts\/1873","targetHints":{"allow":["GET"]}}],"collection":[{"href":"https:\/\/www.mjstgeorges.be\/index.php?rest_route=\/wp\/v2\/posts"}],"about":[{"href":"https:\/\/www.mjstgeorges.be\/index.php?rest_route=\/wp\/v2\/types\/post"}],"author":[{"embeddable":true,"href":"https:\/\/www.mjstgeorges.be\/index.php?rest_route=\/wp\/v2\/users\/2"}],"replies":[{"embeddable":true,"href":"https:\/\/www.mjstgeorges.be\/index.php?rest_route=%2Fwp%2Fv2%2Fcomments&post=1873"}],"version-history":[{"count":1,"href":"https:\/\/www.mjstgeorges.be\/index.php?rest_route=\/wp\/v2\/posts\/1873\/revisions"}],"predecessor-version":[{"id":1874,"href":"https:\/\/www.mjstgeorges.be\/index.php?rest_route=\/wp\/v2\/posts\/1873\/revisions\/1874"}],"wp:attachment":[{"href":"https:\/\/www.mjstgeorges.be\/index.php?rest_route=%2Fwp%2Fv2%2Fmedia&parent=1873"}],"wp:term":[{"taxonomy":"category","embeddable":true,"href":"https:\/\/www.mjstgeorges.be\/index.php?rest_route=%2Fwp%2Fv2%2Fcategories&post=1873"},{"taxonomy":"post_tag","embeddable":true,"href":"https:\/\/www.mjstgeorges.be\/index.php?rest_route=%2Fwp%2Fv2%2Ftags&post=1873"}],"curies":[{"name":"wp","href":"https:\/\/api.w.org\/{rel}","templated":true}]}}